{"id":133,"date":"2024-05-09T11:38:23","date_gmt":"2024-05-09T11:38:23","guid":{"rendered":"https:\/\/citikert.hu\/?p=133"},"modified":"2024-05-15T13:09:33","modified_gmt":"2024-05-15T13:09:33","slug":"lorem-ipsum-4","status":"publish","type":"post","link":"https:\/\/citikert.hu\/en\/lorem-ipsum-4\/","title":{"rendered":"Sedum sz\u0151nyeg"},"content":{"rendered":"<p>Varj\u00fah\u00e1j sz\u0151nyeg<\/p>\n\n\n\n<p>2023-ban telep\u00edtett\u00fcnk sedum sz\u0151nyeget a kertnek olyan pontj\u00e1ra, ahol csup\u00e1n 5-8 cm m\u00e9lys\u00e9gben volt term\u0151k\u00f6zeg, emellett a nap er\u0151sen odat\u0171z\u00f6tt.<\/p>\n\n\n\n<p>Folyamatos probl\u00e9ma volt ezen a helyen, hogy a f\u0171 ny\u00e1ron ki\u00e9gett, ez\u00e9rt is pr\u00f3b\u00e1ltunk tal\u00e1lni egy megold\u00e1st. H\u00f3napok eltelt\u00e9vel \u00fagy t\u0171nik, hogy sikerk\u00e9nt k\u00f6nyvelhetj\u00fck el!<\/p>\n\n\n\n<p>Nem&nbsp;csup\u00e1n egy ki\u00e9gett, foltos ter\u00fcletet sz\u00e1molhattunk fel, hanem egy dekorat\u00edv ter\u00fcletet is adhattunk a kertnek.<\/p>","protected":false},"excerpt":{"rendered":"<p>Varj\u00fah\u00e1j sz\u0151nyeg 2023-ban telep\u00edtett\u00fcnk sedum sz\u0151nyeget a kertnek olyan pontj\u00e1ra, ahol csup\u00e1n 5-8 cm m\u00e9lys\u00e9gben volt term\u0151k\u00f6zeg, emellett a nap er\u0151sen odat\u0171z\u00f6tt. Folyamatos probl\u00e9ma volt ezen a helyen, hogy a f\u0171 ny\u00e1ron ki\u00e9gett, ez\u00e9rt is pr\u00f3b\u00e1ltunk tal\u00e1lni egy megold\u00e1st. H\u00f3napok eltelt\u00e9vel \u00fagy t\u0171nik, hogy sikerk\u00e9nt k\u00f6nyvelhetj\u00fck el! Nem&nbsp;csup\u00e1n egy ki\u00e9gett, foltos ter\u00fcletet sz\u00e1molhattunk fel, hanem [&hellip;]<\/p>\n","protected":false},"author":1,"featured_media":574,"comment_status":"open","ping_status":"open","sticky":false,"template":"","format":"standard","meta":{"_acf_changed":false,"footnotes":""},"categories":[6],"tags":[],"class_list":["post-133","post","type-post","status-publish","format-standard","has-post-thumbnail","hentry","category-kertgondozas"],"acf":[],"yoast_head":"<!-- This site is optimized with the Yoast SEO plugin v27.4 - https:\/\/yoast.com\/product\/yoast-seo-wordpress\/ -->\n<title>Sedum sz\u0151nyeg - Citikert<\/title>\n<meta name=\"robots\" content=\"index, follow, max-snippet:-1, max-image-preview:large, max-video-preview:-1\" \/>\n<link rel=\"canonical\" href=\"https:\/\/citikert.hu\/en\/lorem-ipsum-4\/\" \/>\n<meta property=\"og:locale\" content=\"en_GB\" \/>\n<meta property=\"og:type\" content=\"article\" \/>\n<meta property=\"og:title\" content=\"Sedum sz\u0151nyeg - Citikert\" \/>\n<meta property=\"og:description\" content=\"Varj\u00fah\u00e1j sz\u0151nyeg 2023-ban telep\u00edtett\u00fcnk sedum sz\u0151nyeget a kertnek olyan pontj\u00e1ra, ahol csup\u00e1n 5-8 cm m\u00e9lys\u00e9gben volt term\u0151k\u00f6zeg, emellett a nap er\u0151sen odat\u0171z\u00f6tt. Folyamatos probl\u00e9ma volt ezen a helyen, hogy a f\u0171 ny\u00e1ron ki\u00e9gett, ez\u00e9rt is pr\u00f3b\u00e1ltunk tal\u00e1lni egy megold\u00e1st. H\u00f3napok eltelt\u00e9vel \u00fagy t\u0171nik, hogy sikerk\u00e9nt k\u00f6nyvelhetj\u00fck el! Nem&nbsp;csup\u00e1n egy ki\u00e9gett, foltos ter\u00fcletet sz\u00e1molhattunk fel, hanem [&hellip;]\" \/>\n<meta property=\"og:url\" content=\"https:\/\/citikert.hu\/en\/lorem-ipsum-4\/\" \/>\n<meta property=\"og:site_name\" content=\"Citikert\" \/>\n<meta property=\"article:publisher\" content=\"https:\/\/www.facebook.com\/CitiKert\" \/>\n<meta property=\"article:published_time\" content=\"2024-05-09T11:38:23+00:00\" \/>\n<meta property=\"article:modified_time\" content=\"2024-05-15T13:09:33+00:00\" \/>\n<meta property=\"og:image\" content=\"https:\/\/citikert.hu\/wp-content\/uploads\/2024\/05\/sedum-szonyeg.jpg\" \/>\n\t<meta property=\"og:image:width\" content=\"862\" \/>\n\t<meta property=\"og:image:height\" content=\"647\" \/>\n\t<meta property=\"og:image:type\" content=\"image\/jpeg\" \/>\n<meta name=\"author\" content=\"niki-tasnadico\" \/>\n<meta name=\"twitter:card\" content=\"summary_large_image\" \/>\n<meta name=\"twitter:label1\" content=\"Written by\" \/>\n\t<meta name=\"twitter:data1\" content=\"niki-tasnadico\" \/>\n<script type=\"application\/ld+json\" class=\"yoast-schema-graph\">{\"@context\":\"https:\\\/\\\/schema.org\",\"@graph\":[{\"@type\":\"Article\",\"@id\":\"https:\\\/\\\/citikert.hu\\\/en\\\/lorem-ipsum-4\\\/#article\",\"isPartOf\":{\"@id\":\"https:\\\/\\\/citikert.hu\\\/en\\\/lorem-ipsum-4\\\/\"},\"author\":{\"name\":\"niki-tasnadico\",\"@id\":\"http:\\\/\\\/citikert.hu\\\/#\\\/schema\\\/person\\\/3e14d7fac555b3473a6453052a8cc5b9\"},\"headline\":\"Sedum sz\u0151nyeg\",\"datePublished\":\"2024-05-09T11:38:23+00:00\",\"dateModified\":\"2024-05-15T13:09:33+00:00\",\"mainEntityOfPage\":{\"@id\":\"https:\\\/\\\/citikert.hu\\\/en\\\/lorem-ipsum-4\\\/\"},\"wordCount\":102,\"commentCount\":2,\"publisher\":{\"@id\":\"http:\\\/\\\/citikert.hu\\\/#organization\"},\"image\":{\"@id\":\"https:\\\/\\\/citikert.hu\\\/en\\\/lorem-ipsum-4\\\/#primaryimage\"},\"thumbnailUrl\":\"https:\\\/\\\/citikert.hu\\\/wp-content\\\/uploads\\\/2024\\\/05\\\/sedum-szonyeg.jpg\",\"articleSection\":[\"Kertgondoz\u00e1s\"],\"inLanguage\":\"en-GB\",\"potentialAction\":[{\"@type\":\"CommentAction\",\"name\":\"Comment\",\"target\":[\"https:\\\/\\\/citikert.hu\\\/en\\\/lorem-ipsum-4\\\/#respond\"]}]},{\"@type\":\"WebPage\",\"@id\":\"https:\\\/\\\/citikert.hu\\\/en\\\/lorem-ipsum-4\\\/\",\"url\":\"https:\\\/\\\/citikert.hu\\\/en\\\/lorem-ipsum-4\\\/\",\"name\":\"Sedum sz\u0151nyeg - Citikert\",\"isPartOf\":{\"@id\":\"http:\\\/\\\/citikert.hu\\\/#website\"},\"primaryImageOfPage\":{\"@id\":\"https:\\\/\\\/citikert.hu\\\/en\\\/lorem-ipsum-4\\\/#primaryimage\"},\"image\":{\"@id\":\"https:\\\/\\\/citikert.hu\\\/en\\\/lorem-ipsum-4\\\/#primaryimage\"},\"thumbnailUrl\":\"https:\\\/\\\/citikert.hu\\\/wp-content\\\/uploads\\\/2024\\\/05\\\/sedum-szonyeg.jpg\",\"datePublished\":\"2024-05-09T11:38:23+00:00\",\"dateModified\":\"2024-05-15T13:09:33+00:00\",\"breadcrumb\":{\"@id\":\"https:\\\/\\\/citikert.hu\\\/en\\\/lorem-ipsum-4\\\/#breadcrumb\"},\"inLanguage\":\"en-GB\",\"potentialAction\":[{\"@type\":\"ReadAction\",\"target\":[\"https:\\\/\\\/citikert.hu\\\/en\\\/lorem-ipsum-4\\\/\"]}]},{\"@type\":\"ImageObject\",\"inLanguage\":\"en-GB\",\"@id\":\"https:\\\/\\\/citikert.hu\\\/en\\\/lorem-ipsum-4\\\/#primaryimage\",\"url\":\"https:\\\/\\\/citikert.hu\\\/wp-content\\\/uploads\\\/2024\\\/05\\\/sedum-szonyeg.jpg\",\"contentUrl\":\"https:\\\/\\\/citikert.hu\\\/wp-content\\\/uploads\\\/2024\\\/05\\\/sedum-szonyeg.jpg\",\"width\":862,\"height\":647},{\"@type\":\"BreadcrumbList\",\"@id\":\"https:\\\/\\\/citikert.hu\\\/en\\\/lorem-ipsum-4\\\/#breadcrumb\",\"itemListElement\":[{\"@type\":\"ListItem\",\"position\":1,\"name\":\"Kezd\u0151lap\",\"item\":\"https:\\\/\\\/citikert.hu\\\/\"},{\"@type\":\"ListItem\",\"position\":2,\"name\":\"Sedum sz\u0151nyeg\"}]},{\"@type\":\"WebSite\",\"@id\":\"http:\\\/\\\/citikert.hu\\\/#website\",\"url\":\"http:\\\/\\\/citikert.hu\\\/\",\"name\":\"Citikert\",\"description\":\"Az \u00e9letst\u00edlus\u00e1t \u00e9p\u00edtj\u00fck a kertj\u00e9be.\",\"publisher\":{\"@id\":\"http:\\\/\\\/citikert.hu\\\/#organization\"},\"potentialAction\":[{\"@type\":\"SearchAction\",\"target\":{\"@type\":\"EntryPoint\",\"urlTemplate\":\"http:\\\/\\\/citikert.hu\\\/?s={search_term_string}\"},\"query-input\":{\"@type\":\"PropertyValueSpecification\",\"valueRequired\":true,\"valueName\":\"search_term_string\"}}],\"inLanguage\":\"en-GB\"},{\"@type\":\"Organization\",\"@id\":\"http:\\\/\\\/citikert.hu\\\/#organization\",\"name\":\"Citikert\",\"url\":\"http:\\\/\\\/citikert.hu\\\/\",\"logo\":{\"@type\":\"ImageObject\",\"inLanguage\":\"en-GB\",\"@id\":\"http:\\\/\\\/citikert.hu\\\/#\\\/schema\\\/logo\\\/image\\\/\",\"url\":\"https:\\\/\\\/citikert.hu\\\/wp-content\\\/uploads\\\/2024\\\/04\\\/citikert-logo.png\",\"contentUrl\":\"https:\\\/\\\/citikert.hu\\\/wp-content\\\/uploads\\\/2024\\\/04\\\/citikert-logo.png\",\"width\":286,\"height\":96,\"caption\":\"Citikert\"},\"image\":{\"@id\":\"http:\\\/\\\/citikert.hu\\\/#\\\/schema\\\/logo\\\/image\\\/\"},\"sameAs\":[\"https:\\\/\\\/www.facebook.com\\\/CitiKert\",\"https:\\\/\\\/www.instagram.com\\\/citikert\\\/\"]},{\"@type\":\"Person\",\"@id\":\"http:\\\/\\\/citikert.hu\\\/#\\\/schema\\\/person\\\/3e14d7fac555b3473a6453052a8cc5b9\",\"name\":\"niki-tasnadico\",\"image\":{\"@type\":\"ImageObject\",\"inLanguage\":\"en-GB\",\"@id\":\"https:\\\/\\\/secure.gravatar.com\\\/avatar\\\/dcddf21a55fe26b56e69d6ba3b007088dfb2b291d624eab78f9fa8e983eb0b9e?s=96&d=mm&r=g\",\"url\":\"https:\\\/\\\/secure.gravatar.com\\\/avatar\\\/dcddf21a55fe26b56e69d6ba3b007088dfb2b291d624eab78f9fa8e983eb0b9e?s=96&d=mm&r=g\",\"contentUrl\":\"https:\\\/\\\/secure.gravatar.com\\\/avatar\\\/dcddf21a55fe26b56e69d6ba3b007088dfb2b291d624eab78f9fa8e983eb0b9e?s=96&d=mm&r=g\",\"caption\":\"niki-tasnadico\"},\"sameAs\":[\"https:\\\/\\\/citikert.hu\"],\"url\":\"https:\\\/\\\/citikert.hu\\\/en\\\/author\\\/niki-tasnadico\\\/\"}]}<\/script>\n<!-- \/ Yoast SEO plugin. -->","yoast_head_json":{"title":"Sedum sz\u0151nyeg - Citikert","robots":{"index":"index","follow":"follow","max-snippet":"max-snippet:-1","max-image-preview":"max-image-preview:large","max-video-preview":"max-video-preview:-1"},"canonical":"https:\/\/citikert.hu\/en\/lorem-ipsum-4\/","og_locale":"en_GB","og_type":"article","og_title":"Sedum sz\u0151nyeg - Citikert","og_description":"Varj\u00fah\u00e1j sz\u0151nyeg 2023-ban telep\u00edtett\u00fcnk sedum sz\u0151nyeget a kertnek olyan pontj\u00e1ra, ahol csup\u00e1n 5-8 cm m\u00e9lys\u00e9gben volt term\u0151k\u00f6zeg, emellett a nap er\u0151sen odat\u0171z\u00f6tt. Folyamatos probl\u00e9ma volt ezen a helyen, hogy a f\u0171 ny\u00e1ron ki\u00e9gett, ez\u00e9rt is pr\u00f3b\u00e1ltunk tal\u00e1lni egy megold\u00e1st. H\u00f3napok eltelt\u00e9vel \u00fagy t\u0171nik, hogy sikerk\u00e9nt k\u00f6nyvelhetj\u00fck el! Nem&nbsp;csup\u00e1n egy ki\u00e9gett, foltos ter\u00fcletet sz\u00e1molhattunk fel, hanem [&hellip;]","og_url":"https:\/\/citikert.hu\/en\/lorem-ipsum-4\/","og_site_name":"Citikert","article_publisher":"https:\/\/www.facebook.com\/CitiKert","article_published_time":"2024-05-09T11:38:23+00:00","article_modified_time":"2024-05-15T13:09:33+00:00","og_image":[{"width":862,"height":647,"url":"https:\/\/citikert.hu\/wp-content\/uploads\/2024\/05\/sedum-szonyeg.jpg","type":"image\/jpeg"}],"author":"niki-tasnadico","twitter_card":"summary_large_image","twitter_misc":{"Written by":"niki-tasnadico"},"schema":{"@context":"https:\/\/schema.org","@graph":[{"@type":"Article","@id":"https:\/\/citikert.hu\/en\/lorem-ipsum-4\/#article","isPartOf":{"@id":"https:\/\/citikert.hu\/en\/lorem-ipsum-4\/"},"author":{"name":"niki-tasnadico","@id":"http:\/\/citikert.hu\/#\/schema\/person\/3e14d7fac555b3473a6453052a8cc5b9"},"headline":"Sedum sz\u0151nyeg","datePublished":"2024-05-09T11:38:23+00:00","dateModified":"2024-05-15T13:09:33+00:00","mainEntityOfPage":{"@id":"https:\/\/citikert.hu\/en\/lorem-ipsum-4\/"},"wordCount":102,"commentCount":2,"publisher":{"@id":"http:\/\/citikert.hu\/#organization"},"image":{"@id":"https:\/\/citikert.hu\/en\/lorem-ipsum-4\/#primaryimage"},"thumbnailUrl":"https:\/\/citikert.hu\/wp-content\/uploads\/2024\/05\/sedum-szonyeg.jpg","articleSection":["Kertgondoz\u00e1s"],"inLanguage":"en-GB","potentialAction":[{"@type":"CommentAction","name":"Comment","target":["https:\/\/citikert.hu\/en\/lorem-ipsum-4\/#respond"]}]},{"@type":"WebPage","@id":"https:\/\/citikert.hu\/en\/lorem-ipsum-4\/","url":"https:\/\/citikert.hu\/en\/lorem-ipsum-4\/","name":"Sedum sz\u0151nyeg - Citikert","isPartOf":{"@id":"http:\/\/citikert.hu\/#website"},"primaryImageOfPage":{"@id":"https:\/\/citikert.hu\/en\/lorem-ipsum-4\/#primaryimage"},"image":{"@id":"https:\/\/citikert.hu\/en\/lorem-ipsum-4\/#primaryimage"},"thumbnailUrl":"https:\/\/citikert.hu\/wp-content\/uploads\/2024\/05\/sedum-szonyeg.jpg","datePublished":"2024-05-09T11:38:23+00:00","dateModified":"2024-05-15T13:09:33+00:00","breadcrumb":{"@id":"https:\/\/citikert.hu\/en\/lorem-ipsum-4\/#breadcrumb"},"inLanguage":"en-GB","potentialAction":[{"@type":"ReadAction","target":["https:\/\/citikert.hu\/en\/lorem-ipsum-4\/"]}]},{"@type":"ImageObject","inLanguage":"en-GB","@id":"https:\/\/citikert.hu\/en\/lorem-ipsum-4\/#primaryimage","url":"https:\/\/citikert.hu\/wp-content\/uploads\/2024\/05\/sedum-szonyeg.jpg","contentUrl":"https:\/\/citikert.hu\/wp-content\/uploads\/2024\/05\/sedum-szonyeg.jpg","width":862,"height":647},{"@type":"BreadcrumbList","@id":"https:\/\/citikert.hu\/en\/lorem-ipsum-4\/#breadcrumb","itemListElement":[{"@type":"ListItem","position":1,"name":"Kezd\u0151lap","item":"https:\/\/citikert.hu\/"},{"@type":"ListItem","position":2,"name":"Sedum sz\u0151nyeg"}]},{"@type":"WebSite","@id":"http:\/\/citikert.hu\/#website","url":"http:\/\/citikert.hu\/","name":"Citikert","description":"Lifestyle built into your garden.","publisher":{"@id":"http:\/\/citikert.hu\/#organization"},"potentialAction":[{"@type":"SearchAction","target":{"@type":"EntryPoint","urlTemplate":"http:\/\/citikert.hu\/?s={search_term_string}"},"query-input":{"@type":"PropertyValueSpecification","valueRequired":true,"valueName":"search_term_string"}}],"inLanguage":"en-GB"},{"@type":"Organization","@id":"http:\/\/citikert.hu\/#organization","name":"Citikert","url":"http:\/\/citikert.hu\/","logo":{"@type":"ImageObject","inLanguage":"en-GB","@id":"http:\/\/citikert.hu\/#\/schema\/logo\/image\/","url":"https:\/\/citikert.hu\/wp-content\/uploads\/2024\/04\/citikert-logo.png","contentUrl":"https:\/\/citikert.hu\/wp-content\/uploads\/2024\/04\/citikert-logo.png","width":286,"height":96,"caption":"Citikert"},"image":{"@id":"http:\/\/citikert.hu\/#\/schema\/logo\/image\/"},"sameAs":["https:\/\/www.facebook.com\/CitiKert","https:\/\/www.instagram.com\/citikert\/"]},{"@type":"Person","@id":"http:\/\/citikert.hu\/#\/schema\/person\/3e14d7fac555b3473a6453052a8cc5b9","name":"niki-tasnadico","image":{"@type":"ImageObject","inLanguage":"en-GB","@id":"https:\/\/secure.gravatar.com\/avatar\/dcddf21a55fe26b56e69d6ba3b007088dfb2b291d624eab78f9fa8e983eb0b9e?s=96&d=mm&r=g","url":"https:\/\/secure.gravatar.com\/avatar\/dcddf21a55fe26b56e69d6ba3b007088dfb2b291d624eab78f9fa8e983eb0b9e?s=96&d=mm&r=g","contentUrl":"https:\/\/secure.gravatar.com\/avatar\/dcddf21a55fe26b56e69d6ba3b007088dfb2b291d624eab78f9fa8e983eb0b9e?s=96&d=mm&r=g","caption":"niki-tasnadico"},"sameAs":["https:\/\/citikert.hu"],"url":"https:\/\/citikert.hu\/en\/author\/niki-tasnadico\/"}]}},"_links":{"self":[{"href":"https:\/\/citikert.hu\/en\/wp-json\/wp\/v2\/posts\/133","targetHints":{"allow":["GET"]}}],"collection":[{"href":"https:\/\/citikert.hu\/en\/wp-json\/wp\/v2\/posts"}],"about":[{"href":"https:\/\/citikert.hu\/en\/wp-json\/wp\/v2\/types\/post"}],"author":[{"embeddable":true,"href":"https:\/\/citikert.hu\/en\/wp-json\/wp\/v2\/users\/1"}],"replies":[{"embeddable":true,"href":"https:\/\/citikert.hu\/en\/wp-json\/wp\/v2\/comments?post=133"}],"version-history":[{"count":3,"href":"https:\/\/citikert.hu\/en\/wp-json\/wp\/v2\/posts\/133\/revisions"}],"predecessor-version":[{"id":575,"href":"https:\/\/citikert.hu\/en\/wp-json\/wp\/v2\/posts\/133\/revisions\/575"}],"wp:featuredmedia":[{"embeddable":true,"href":"https:\/\/citikert.hu\/en\/wp-json\/wp\/v2\/media\/574"}],"wp:attachment":[{"href":"https:\/\/citikert.hu\/en\/wp-json\/wp\/v2\/media?parent=133"}],"wp:term":[{"taxonomy":"category","embeddable":true,"href":"https:\/\/citikert.hu\/en\/wp-json\/wp\/v2\/categories?post=133"},{"taxonomy":"post_tag","embeddable":true,"href":"https:\/\/citikert.hu\/en\/wp-json\/wp\/v2\/tags?post=133"}],"curies":[{"name":"wp","href":"https:\/\/api.w.org\/{rel}","templated":true}]}}